{"id":355,"date":"2025-05-19T15:28:31","date_gmt":"2025-05-19T13:28:31","guid":{"rendered":"http:\/\/ldl-rent.siteoffline.nl\/?p=355"},"modified":"2025-07-10T11:31:38","modified_gmt":"2025-07-10T09:31:38","slug":"les-pinces-a-linge-les-plus-chaleureuses","status":"publish","type":"post","link":"https:\/\/ldl-rent.siteoffline.nl\/fr\/les-pinces-a-linge-les-plus-chaleureuses","title":{"rendered":"Les Pinces \u00e0 Linge les Plus Chaleureuses"},"content":{"rendered":"<p><strong>La Semaine la Plus Chaleureuse<\/strong><\/p>\n\n\n\n<p>Comme chaque ann\u00e9e, nous sommes envahis d\u00e8s le mois de novembre par toutes sortes d\u2019initiatives organis\u00e9es dans le cadre de la Semaine la Plus Chaleureuse de Studio Brussel.\nToute la Flandre semble se mobiliser pour soutenir une bonne cause.\n\nChez nous aussi, l\u2019envie a commenc\u00e9 \u00e0 germer : et si nous organisions, \u00e0 notre tour, une action pour l\u2019un des nombreux projets solidaires en Flandre ?\nLe brainstorming pouvait commencer.\nDe nombreuses id\u00e9es ont \u00e9t\u00e9 propos\u00e9es \u2014 certaines plus pertinentes que d\u2019autres.\nNous voulions vendre quelque chose, de pr\u00e9f\u00e9rence un objet utile, en lien avec notre c\u0153ur d\u2019activit\u00e9 : les machines \u00e0 laver.\n\nApr\u00e8s quelques recherches en ligne, l\u2019id\u00e9e nous est venue : faire imprimer des pinces \u00e0 linge en bois personnalis\u00e9es.\nBonne nouvelle, l\u2019imprimerie De Kleine Drukker \u00e0 Eeklo a pu r\u00e9pondre \u00e0 notre importante demande.\nUn coup de fil, un design pour nos pinces, et voil\u00e0 l\u2019affaire lanc\u00e9e : commande de 3\u202f000 pinces \u00e0 linge \u2014 rien que \u00e7a ! (on ne manque pas d\u2019ambition).\n\nLe m\u00eame jour, les emballages sont aussi command\u00e9s, ainsi que la conception et l\u2019impression de nos autocollants.\nNous \u00e9tions lanc\u00e9s !<\/p>\n\n\n\n<p><strong>DVC Heilig Hart<\/strong><\/p>\n\n\n\n<p>Lors du lancement d\u2019une action pour la Semaine la Plus Chaleureuse, on choisit toujours une bonne cause \u00e0 laquelle tous les b\u00e9n\u00e9fices seront revers\u00e9s.\n\u00c9tant situ\u00e9s \u00e0 Deinze, notre pr\u00e9f\u00e9rence s\u2019est naturellement port\u00e9e sur une organisation locale.\n\nLe Centre de services Heilig Hart \u00e0 Deinze offre un accompagnement pr\u00e9cieux aux jeunes et adultes atteints d\u2019un handicap mental.\nDe nombreux employ\u00e9s s\u2019y investissent chaque jour pour aider ceux qui ont besoin de ce soutien suppl\u00e9mentaire.\nLe choix \u00e9tait donc \u00e9vident pour nous.\n\nLe plus beau moment de cette action jusqu\u2019\u00e0 pr\u00e9sent ?\nCe coup de fil o\u00f9 l\u2019on peut dire :\n\u00ab Nous organisons une collecte pour la Semaine la Plus Chaleureuse, et nous avons choisi votre \u00e9tablissement comme bonne cause. \u00bb\n\nLa surprise, les remerciements et les v\u0153ux chaleureux que nous avons re\u00e7us en retour nous ont d\u00e9j\u00e0 procur\u00e9 \u00e9norm\u00e9ment de satisfaction \u2014\nmais surtout, une motivation \u00e9norme pour nous lancer \u00e0 fond dans ce projet !<\/p>\n\n\n\n<p><strong>Les Pinces \u00e0 Linge les Plus Chaleureuses<\/strong><\/p>\n\n\n\n<p>Le vendredi 29 novembre, nous pouvions enfin nous lancer pour de bon.\nDe Kleine Drukker a r\u00e9ussi \u00e0 imprimer les mille premi\u00e8res pinces \u00e0 linge en seulement trois jours ouvrables.\nLa premi\u00e8re livraison est donc parfaitement arriv\u00e9e \u00e0 temps, les sachets sont pr\u00eats, et les autocollants peuvent \u00eatre appos\u00e9s.\n\nLe r\u00e9sultat est l\u00e0 : notre action pour la Semaine la Plus Chaleureuse est d\u00e9sormais officiellement lanc\u00e9e.\n\nTous les coll\u00e8gues du bureau \u00e0 Deinze ainsi que nos commerciaux sur le terrain peuvent maintenant commencer \u00e0 distribuer nos pinces \u00e0 linge.\nNous sommes impatients de d\u00e9couvrir combien nous pourrons r\u00e9colter gr\u00e2ce \u00e0 cette magnifique initiative.\n\nVous souhaitez nous soutenir ?\nEnvoyez un e-mail \u00e0 marketing@ldlnv.be .\n\nSuivez-nous \u00e9galement sur les r\u00e9seaux sociaux pour suivre l\u2019\u00e9volution de notre action de pr\u00e8s.<\/p>","protected":false},"excerpt":{"rendered":"<p>De Warmste Week Zoals elk jaar worden we rond november overspoeld met allerlei acties voor de Warmste Week van Studio Brussel. Heel Vlaanderen lijkt zich in te zetten voor zijn goed doel. Ook bij ons begon het te prikkelen om een actie te organiseren voor \u00e9\u00e9n van de vele goede doelen in Vlaanderen. De brainstorm &#8230; <a title=\"Les Pinces \u00e0 Linge les Plus Chaleureuses\" class=\"read-more\" href=\"https:\/\/ldl-rent.siteoffline.nl\/fr\/les-pinces-a-linge-les-plus-chaleureuses\" aria-label=\"En savoir plus sur De Warmste Wasknijpers\">Lees meer<\/a><\/p>","protected":false},"author":1,"featured_media":356,"comment_status":"closed","ping_status":"closed","sticky":false,"template":"","format":"standard","meta":{"_acf_changed":false,"footnotes":""},"categories":[1],"tags":[],"class_list":["post-355","post","type-post","status-publish","format-standard","has-post-thumbnail","hentry","category-niet-gecategoriseerd"],"acf":[],"_links":{"self":[{"href":"https:\/\/ldl-rent.siteoffline.nl\/fr\/wp-json\/wp\/v2\/posts\/355","targetHints":{"allow":["GET"]}}],"collection":[{"href":"https:\/\/ldl-rent.siteoffline.nl\/fr\/wp-json\/wp\/v2\/posts"}],"about":[{"href":"https:\/\/ldl-rent.siteoffline.nl\/fr\/wp-json\/wp\/v2\/types\/post"}],"author":[{"embeddable":true,"href":"https:\/\/ldl-rent.siteoffline.nl\/fr\/wp-json\/wp\/v2\/users\/1"}],"replies":[{"embeddable":true,"href":"https:\/\/ldl-rent.siteoffline.nl\/fr\/wp-json\/wp\/v2\/comments?post=355"}],"version-history":[{"count":0,"href":"https:\/\/ldl-rent.siteoffline.nl\/fr\/wp-json\/wp\/v2\/posts\/355\/revisions"}],"wp:featuredmedia":[{"embeddable":true,"href":"https:\/\/ldl-rent.siteoffline.nl\/fr\/wp-json\/wp\/v2\/media\/356"}],"wp:attachment":[{"href":"https:\/\/ldl-rent.siteoffline.nl\/fr\/wp-json\/wp\/v2\/media?parent=355"}],"wp:term":[{"taxonomy":"category","embeddable":true,"href":"https:\/\/ldl-rent.siteoffline.nl\/fr\/wp-json\/wp\/v2\/categories?post=355"},{"taxonomy":"post_tag","embeddable":true,"href":"https:\/\/ldl-rent.siteoffline.nl\/fr\/wp-json\/wp\/v2\/tags?post=355"}],"curies":[{"name":"wp","href":"https:\/\/api.w.org\/{rel}","templated":true}]}}